{"id":870,"date":"2024-03-29T19:13:04","date_gmt":"2024-03-29T18:13:04","guid":{"rendered":"https:\/\/fne-yvelines.org\/?p=870"},"modified":"2024-03-29T19:18:47","modified_gmt":"2024-03-29T18:18:47","slug":"letang-de-la-galiotte-un-mode-de-vie-en-peril","status":"publish","type":"post","link":"https:\/\/fne-yvelines.org\/index.php\/2024\/03\/29\/letang-de-la-galiotte-un-mode-de-vie-en-peril\/","title":{"rendered":"L\u2019\u00e9tang de la Galiotte , un mode de vie en p\u00e9ril !"},"content":{"rendered":"<p>L\u2019\u00e9tang de la Galiotte\u00a0est un plan d\u2019eau situ\u00e9 \u00e0\u00a0Carri\u00e8res-sous-Poissy, dans le parc du\u00a0Peuple de l\u2019herbe. Son nom fait r\u00e9f\u00e9rence \u00e0 un\u00a0coche d\u2019eau, c\u2019est-\u00e0-dire un bateau circulant autrefois sur la Seine, de Carri\u00e8res-sous-Poissy \u00e0 Rolleboise. Le plan d\u2019eau est habit\u00e9 sur sa rive sud au moyen de\u00a0chalets plac\u00e9s sur flotteurs.<\/p>\n<p>L&#8217;histoire de ce plan d&#8217;eau embl\u00e9matique remonte aux ann\u00e9es 50, lorsqu&#8217;il n&#8217;\u00e9tait qu&#8217;une ancienne carri\u00e8re de sable. \u00c0 la cl\u00f4ture de l&#8217;activit\u00e9 de celle-ci, la d\u00e9cision fut prise de l&#8217;inonder pour en faire un lieu de p\u00eache. Un ancien employ\u00e9 de la carri\u00e8re eut l&#8217;id\u00e9e de reproduire des chalets pour s&#8217;abriter Cette initiative, d\u00e9but\u00e9e sans autorisation, fut par la suite encadr\u00e9e par une convention d&#8217;occupation avec la soci\u00e9t\u00e9 exploitant la carri\u00e8re, qui en \u00e9tait alors propri\u00e9taire. Les terrains furent finalement rachet\u00e9s par le D\u00e9partement dans les ann\u00e9es 2010. Des conventions ont \u00e9t\u00e9 sign\u00e9es avec les propri\u00e9taires des chalets.<\/p>\n<p>Mais le D\u00e9partement veut reprendre la gestion de la zone pour d\u00e9monter les chalets et renaturer la berge. Cela est li\u00e9 au projet global concernant la boucle de Chanteloup, allant de Carri\u00e8res-sous-Poissy \u00e0 Chanteloup., dont la r\u00e9alisation est pr\u00e9vue d&#8217;ici 2028-2029.<\/p>\n<p>Pour le pr\u00e9sident de l\u2019association de l\u2019\u00e9tang de la Galiotte, Emmanuel Soyer, la destruction des chalets est absurde : <em><strong>\u00ab\u00a0Ce n\u2019est pas juste du bois qu\u2019ils s\u2019appr\u00eatent \u00e0 \u00e9craser, mais une aventure humaine\u00a0\u00bb.<\/p>\n<p>Pour en savoir plus :\u00a0<a href=\"https:\/\/lagazette-yvelines.fr\/2024\/02\/28\/etang-de-la-galiotte-pourquoi-les-chalets-vont-ils-etre-demolis\/\"> lire l\u2019article de la gazette en Yvelines.<\/a><br \/>\n<\/strong><\/em><\/p>\n<p><!--more--><\/p>\n<p>&nbsp;<\/p>\n","protected":false},"excerpt":{"rendered":"<p>L\u2019\u00e9tang de la Galiotte\u00a0est un plan d\u2019eau situ\u00e9 \u00e0\u00a0Carri\u00e8res-sous-Poissy, dans le parc du\u00a0Peuple de l\u2019herbe. Son nom fait r\u00e9f\u00e9rence \u00e0<\/p>\n","protected":false},"author":1,"featured_media":871,"comment_status":"open","ping_status":"open","sticky":false,"template":"","format":"standard","meta":{"footnotes":""},"categories":[5],"tags":[],"_links":{"self":[{"href":"https:\/\/fne-yvelines.org\/index.php\/wp-json\/wp\/v2\/posts\/870"}],"collection":[{"href":"https:\/\/fne-yvelines.org\/index.php\/wp-json\/wp\/v2\/posts"}],"about":[{"href":"https:\/\/fne-yvelines.org\/index.php\/wp-json\/wp\/v2\/types\/post"}],"author":[{"embeddable":true,"href":"https:\/\/fne-yvelines.org\/index.php\/wp-json\/wp\/v2\/users\/1"}],"replies":[{"embeddable":true,"href":"https:\/\/fne-yvelines.org\/index.php\/wp-json\/wp\/v2\/comments?post=870"}],"version-history":[{"count":4,"href":"https:\/\/fne-yvelines.org\/index.php\/wp-json\/wp\/v2\/posts\/870\/revisions"}],"predecessor-version":[{"id":875,"href":"https:\/\/fne-yvelines.org\/index.php\/wp-json\/wp\/v2\/posts\/870\/revisions\/875"}],"wp:featuredmedia":[{"embeddable":true,"href":"https:\/\/fne-yvelines.org\/index.php\/wp-json\/wp\/v2\/media\/871"}],"wp:attachment":[{"href":"https:\/\/fne-yvelines.org\/index.php\/wp-json\/wp\/v2\/media?parent=870"}],"wp:term":[{"taxonomy":"category","embeddable":true,"href":"https:\/\/fne-yvelines.org\/index.php\/wp-json\/wp\/v2\/categories?post=870"},{"taxonomy":"post_tag","embeddable":true,"href":"https:\/\/fne-yvelines.org\/index.php\/wp-json\/wp\/v2\/tags?post=870"}],"curies":[{"name":"wp","href":"https:\/\/api.w.org\/{rel}","templated":true}]}}