{"id":794,"date":"2023-03-28T15:59:20","date_gmt":"2023-03-28T13:59:20","guid":{"rendered":"https:\/\/fne-yvelines.org\/?p=794"},"modified":"2023-03-28T15:59:20","modified_gmt":"2023-03-28T13:59:20","slug":"des-outils-pour-reussir-latteinte-de-lobjectif-zan-pour-2050","status":"publish","type":"post","link":"https:\/\/fne-yvelines.org\/index.php\/2023\/03\/28\/des-outils-pour-reussir-latteinte-de-lobjectif-zan-pour-2050\/","title":{"rendered":"Des outils pour r\u00e9ussir l&#8217;atteinte de l\u2019objectif ZAN pour 2050."},"content":{"rendered":"<p>Tenir l\u2019objectif du ZAN (Z\u00e9ro Artificialisation des Sols) pour l&#8217;ann\u00e9e 2050 est la clef pour assurer la<br \/>\npr\u00e9servation de la biodiversit\u00e9, et plus largement pour r\u00e9pondre \u00e0 l\u2019urgence climatique, la lutte<br \/>\ncontre l\u2019\u00e9talement urbain et l\u2019appauvrissement des sols.<br \/>\nRappelons toutefois qu\u2019il y a une exception au ZAN pour 2050 : en effet, la r\u00e9gion Ile-de-France y<br \/>\n\u00e9chappe car elle doit seulement tendre vers cet objectif alors qu&#8217;il s&#8217;agit de la premi\u00e8re r\u00e9gion de France, aussi bien en termes de population que d&#8217;activit\u00e9s \u00e9conomiques.<br \/>\nLe guide de l\u2019ADEME &#8220;<a href=\"https:\/\/experimentationsurbaines.ademe.fr\/blog\/ressource\/guide-faire-la-ville-dense-durable-et-desirable\/\" target=\"_blank\" rel=\"noopener\">Faire la ville Dense, Durable et D\u00e9sirable<\/a>&#8221; est un document dense destin\u00e9 principalement aux collectivit\u00e9s territoriales et aux am\u00e9nageurs. Par son contenu ainsi que le nombre d\u2019outils et d\u2019exemples pr\u00e9sent\u00e9s, il est \u00e9galement tr\u00e8s int\u00e9ressant pour enrichir l\u2019expertise du monde associatif.<\/p>\n<p><strong>Voici quelques exemples d&#8217;outils pr\u00e9sent\u00e9s dans le guide :<\/strong><\/p>\n<p><a href=\"http:\/\/outil2amenagement.cerema.fr\/les-observatoires-de-l-habitat-et-du-foncier-ohf-r1413.html\" target=\"_blank\" rel=\"noopener\">Les observatoires de l&#8217;habitat et du foncier (OHF)<\/a><\/p>\n<p>En lien avec les programmes locaux de l\u2019habitat (PLH), les OHF facilitent la connaissance et l\u2019observation du foncier disponible, de la conjoncture des march\u00e9s fonciers et immobiliers et de certains \u00e9l\u00e9ments facilitant notamment la sobri\u00e9t\u00e9 fonci\u00e8re.<\/p>\n<p><a href=\"https:\/\/artificialisation.developpement-durable.gouv.fr\/suivi-consommation-espaces-naf\" target=\"_blank\" rel=\"noopener\">Le Portail national de l\u2019artificialisation des sols :\u00a0<\/a><\/p>\n<p>Le portail de l&#8217;artificialisation pr\u00e9sente des donn\u00e9es de consommation d&#8217;espaces naturels, agricoles et forestiers, ainsi que des analyses de ces donn\u00e9es. Ce suivi chiffr\u00e9 de la consommation d\u2019espaces permet d\u2019aider les territoires \u00e0 r\u00e9pondre \u00e0 l\u2019un des objectifs de la loi \u00ab Climat et R\u00e9silience \u00bb, pour atteindre le Z\u00e9ro Artificialisation Nette.\u00a0 Dans son <a href=\"https:\/\/www.legifrance.gouv.fr\/jorf\/article_jo\/JORFARTI000043957223\" target=\"_blank\" rel=\"noopener\" class=\"broken_link\">article 194,<\/a> cette loi indique que \u00ab pour la premi\u00e8re tranche de dix ann\u00e9es, le rythme d&#8217;artificialisation se traduit par un objectif de r\u00e9duction de la consommation des espaces naturels, agricoles et forestiers par rapport \u00e0 la consommation r\u00e9elle de ces espaces observ\u00e9e au cours des dix ann\u00e9es pr\u00e9c\u00e9dentes \u00bb.<\/p>\n<p><a href=\"https:\/\/infos.ademe.fr\/magazine-mars-2021\/dossier\/benefriches-un-outil-daccompagnement-de-lamenagement\/\" target=\"_blank\" rel=\"noopener\">L&#8217;outil B\u00e9n\u00e9friches<\/a><br \/>\nCet outil vise \u00e0 quantifier les b\u00e9n\u00e9fices socio-\u00e9conomiques de la reconversion de friches, qui peuvent<br \/>\ncompenser les d\u00e9ficits \u00e9conomiques associ\u00e9s aux travaux de remise en \u00e9tat du foncier (d\u00e9construction, d\u00e9samiantage, d\u00e9pollution\u2026).<\/p>\n<p><a href=\"https:\/\/infos.ademe.fr\/magazine-juillet-aout-2022\/terrain\/arboclimat-un-outil-pour-faciliter-la-nature-en-ville\/\" target=\"_blank\" rel=\"noopener\">ARBOClimat : un outil pour faciliter la nature en ville<\/a><br \/>\nPlanter le bon arbre au bon endroit, et ce dans un contexte de changement climatique, n\u2019est pas<br \/>\nchose ais\u00e9e. Chaque essence poss\u00e8de ses propres atouts (capacit\u00e9 \u00e0 rafra\u00eechir l\u2019air, \u00e0 stocker le<br \/>\ncarbone). ARBOClimat, d\u00e9velopp\u00e9 pour la R\u00e9gion Hauts-de-France et l\u2019ADEME, permet aux<br \/>\ncollectivit\u00e9s, am\u00e9nageurs et \u00e9lus d\u2019\u00e9valuer l\u2019impact d\u2019un sc\u00e9nario de plantation d\u2019arbres sur le<br \/>\nstockage de carbone.<\/p>\n<p><strong>Voir aussi :<\/strong><\/p>\n<p><a href=\"https:\/\/www.arbrecaue77.fr\/presentation35arborencontre\" target=\"_blank\" rel=\"noopener\">Le Bar\u00e8me de l&#8217;arbre<\/a><\/p>\n<p>Mis en \u0153uvre par des associations de Seine-et-Marne, ce bar\u00e8me permet d&#8217;obtenir une estimation financi\u00e8re d&#8217;un arbre \u00e0 partir d&#8217;un ensemble de crit\u00e8res. Ce bar\u00e8me a priori s&#8217;imposer (voir la pr\u00e9sentation &#8220;Comment fonctionne les calculateurs&#8230;&#8221;) aupr\u00e8s des collectivit\u00e9s, des tribunaux, etc.<br \/>\n<strong><br \/>\n<\/strong><\/p>\n<p><strong>Donc beaucoup de r\u00e9flexions et d&#8217;outils sur les am\u00e9nagements afin de nous permettre d&#8217;ensigager la ville de demain.<\/strong><\/p>\n","protected":false},"excerpt":{"rendered":"<p>Tenir l\u2019objectif du ZAN (Z\u00e9ro Artificialisation des Sols) pour l&#8217;ann\u00e9e 2050 est la clef pour assurer la pr\u00e9servation de la<\/p>\n","protected":false},"author":1,"featured_media":804,"comment_status":"open","ping_status":"open","sticky":false,"template":"","format":"standard","meta":{"footnotes":""},"categories":[39,6,5],"tags":[],"_links":{"self":[{"href":"https:\/\/fne-yvelines.org\/index.php\/wp-json\/wp\/v2\/posts\/794"}],"collection":[{"href":"https:\/\/fne-yvelines.org\/index.php\/wp-json\/wp\/v2\/posts"}],"about":[{"href":"https:\/\/fne-yvelines.org\/index.php\/wp-json\/wp\/v2\/types\/post"}],"author":[{"embeddable":true,"href":"https:\/\/fne-yvelines.org\/index.php\/wp-json\/wp\/v2\/users\/1"}],"replies":[{"embeddable":true,"href":"https:\/\/fne-yvelines.org\/index.php\/wp-json\/wp\/v2\/comments?post=794"}],"version-history":[{"count":15,"href":"https:\/\/fne-yvelines.org\/index.php\/wp-json\/wp\/v2\/posts\/794\/revisions"}],"predecessor-version":[{"id":812,"href":"https:\/\/fne-yvelines.org\/index.php\/wp-json\/wp\/v2\/posts\/794\/revisions\/812"}],"wp:featuredmedia":[{"embeddable":true,"href":"https:\/\/fne-yvelines.org\/index.php\/wp-json\/wp\/v2\/media\/804"}],"wp:attachment":[{"href":"https:\/\/fne-yvelines.org\/index.php\/wp-json\/wp\/v2\/media?parent=794"}],"wp:term":[{"taxonomy":"category","embeddable":true,"href":"https:\/\/fne-yvelines.org\/index.php\/wp-json\/wp\/v2\/categories?post=794"},{"taxonomy":"post_tag","embeddable":true,"href":"https:\/\/fne-yvelines.org\/index.php\/wp-json\/wp\/v2\/tags?post=794"}],"curies":[{"name":"wp","href":"https:\/\/api.w.org\/{rel}","templated":true}]}}