{"id":715,"date":"2022-10-14T21:06:06","date_gmt":"2022-10-14T19:06:06","guid":{"rendered":"http:\/\/fne-yvelines.org\/?p=715"},"modified":"2022-10-14T21:19:44","modified_gmt":"2022-10-14T19:19:44","slug":"fne-ile-de-france-organise-un-colloque-sur-la-ressource-en-eau-en-ile-de-france-dans-le-contexte-du-dereglement-climatique","status":"publish","type":"post","link":"https:\/\/fne-yvelines.org\/index.php\/2022\/10\/14\/fne-ile-de-france-organise-un-colloque-sur-la-ressource-en-eau-en-ile-de-france-dans-le-contexte-du-dereglement-climatique\/","title":{"rendered":"FNE Ile-de-France organise un colloque sur la ressource en eau en \u00cele-de-France dans le contexte du d\u00e9r\u00e8glement climatique"},"content":{"rendered":"<p>France Nature Environnement a le plaisir de vous convier \u00e0 son colloque r\u00e9gional intitul\u00e9 :<\/p>\n<p style=\"text-align: center;\"><strong>La ressource en eau en \u00cele-de-France dans un contexte de d\u00e9r\u00e8glement climatique : regards crois\u00e9s et dialogue territorial&#8221;<\/strong><\/p>\n<p>qui se tiendra les 7 et 8 novembre \u00e0 l&#8217;H\u00f4tel de Ville de Paris.<\/p>\n<p>Cette rencontre rassemblera de <strong>nombreux acteurs du monde de l&#8217;eau<\/strong> (soci\u00e9t\u00e9 civile, institutions, \u00e9lus, scientifiques). Elle sera l&#8217;occasion d&#8217;\u00e9changer autour des <strong>grandes probl\u00e9matiques<\/strong> :<\/p>\n<ul>\n<li>Ressource en eau dans le bassin de la Seine : <strong>quel \u00e9tat des lieux ?<\/strong><\/li>\n<li>conflits d&#8217;usages \u00e0 venir, <strong>quelles solutions pour le partage de la ressource ?<\/strong><\/li>\n<li>comment cr\u00e9e-t-on du <strong>savoir scientifique<\/strong> dans le domaine de l&#8217;eau ?<\/li>\n<li>comment construire une <strong>culture commune<\/strong> autour de ces sujets dans les territoires ?<\/li>\n<\/ul>\n<div>Pour nous aider \u00e0 r\u00e9pondre \u00e0 ces interrogations, le colloque sera organis\u00e9 en\u00a0<strong>quatre sessions<\/strong>\u00a0d&#8217;une demi-journ\u00e9e :<\/div>\n<ul>\n<li><strong>Adaptation<\/strong>\u00a0au d\u00e9r\u00e8glement climatique<\/li>\n<li><strong>Evolution<\/strong>\u00a0de la ressource en eau en \u00cele-de-France<\/li>\n<li><strong>Gestion<\/strong>\u00a0du d\u00e9s\u00e9quilibre quantitatif<\/li>\n<li><strong>Ressource en eau<\/strong>\u00a0sous climat changeant<\/li>\n<\/ul>\n<p><strong>D\u00e9couvrez le <a href=\"https:\/\/fne-idf.fr\/PDF\/Divers\/programme-colloque-vdef.pdf\" target=\"_blank\" rel=\"noopener noreferrer\">programme complet<\/a> du colloque.<\/strong><\/p>\n<p><strong>Inscriptions sur le <a href=\"https:\/\/yurplan.com\/event\/COLLOQUE-REGIONAL-EAU-FNE-Ile-de-France-7-8-nov-2022\/79464\" target=\"_blank\" rel=\"noopener noreferrer\" class=\"broken_link\">site de FNE Ile-de-France<\/a>.<\/strong><\/p>\n<p>&nbsp;<\/p>\n<p>&nbsp;<\/p>\n","protected":false},"excerpt":{"rendered":"<p>France Nature Environnement a le plaisir de vous convier \u00e0 son colloque r\u00e9gional intitul\u00e9 : La ressource en eau en<\/p>\n","protected":false},"author":1,"featured_media":723,"comment_status":"open","ping_status":"open","sticky":false,"template":"","format":"standard","meta":{"footnotes":""},"categories":[45,3],"tags":[],"_links":{"self":[{"href":"https:\/\/fne-yvelines.org\/index.php\/wp-json\/wp\/v2\/posts\/715"}],"collection":[{"href":"https:\/\/fne-yvelines.org\/index.php\/wp-json\/wp\/v2\/posts"}],"about":[{"href":"https:\/\/fne-yvelines.org\/index.php\/wp-json\/wp\/v2\/types\/post"}],"author":[{"embeddable":true,"href":"https:\/\/fne-yvelines.org\/index.php\/wp-json\/wp\/v2\/users\/1"}],"replies":[{"embeddable":true,"href":"https:\/\/fne-yvelines.org\/index.php\/wp-json\/wp\/v2\/comments?post=715"}],"version-history":[{"count":6,"href":"https:\/\/fne-yvelines.org\/index.php\/wp-json\/wp\/v2\/posts\/715\/revisions"}],"predecessor-version":[{"id":726,"href":"https:\/\/fne-yvelines.org\/index.php\/wp-json\/wp\/v2\/posts\/715\/revisions\/726"}],"wp:featuredmedia":[{"embeddable":true,"href":"https:\/\/fne-yvelines.org\/index.php\/wp-json\/wp\/v2\/media\/723"}],"wp:attachment":[{"href":"https:\/\/fne-yvelines.org\/index.php\/wp-json\/wp\/v2\/media?parent=715"}],"wp:term":[{"taxonomy":"category","embeddable":true,"href":"https:\/\/fne-yvelines.org\/index.php\/wp-json\/wp\/v2\/categories?post=715"},{"taxonomy":"post_tag","embeddable":true,"href":"https:\/\/fne-yvelines.org\/index.php\/wp-json\/wp\/v2\/tags?post=715"}],"curies":[{"name":"wp","href":"https:\/\/api.w.org\/{rel}","templated":true}]}}