{"id":632,"date":"2020-04-24T17:46:34","date_gmt":"2020-04-24T15:46:34","guid":{"rendered":"http:\/\/fne-yvelines.org\/?p=632"},"modified":"2020-04-26T08:40:16","modified_gmt":"2020-04-26T06:40:16","slug":"droit-de-derogation-reconnu-au-prefet-un-risque-pour-notre-environnement","status":"publish","type":"post","link":"https:\/\/fne-yvelines.org\/index.php\/2020\/04\/24\/droit-de-derogation-reconnu-au-prefet-un-risque-pour-notre-environnement\/","title":{"rendered":"Droit de d\u00e9rogation reconnu au Pr\u00e9fet : un risque pour notre environnement ?"},"content":{"rendered":"\n<p><strong>Apr\u00e8s une exp\u00e9rimentation durant deux ann\u00e9es dans certaines parties du territoire, le gouvernement a rendu p\u00e9renne le pouvoir donn\u00e9 au Pr\u00e9fet de d\u00e9roger, sous conditions, \u00e0 certaines normes arr\u00eat\u00e9es par l&#8217;administration de l&#8217;Etat, pour prendre des d\u00e9cisions non r\u00e9glementaires relevant de sa comp\u00e9tence. Y-a-t-il un risque pour notre environnement\u00a0?<\/strong><\/p>\n<p>Il est probable que ce d\u00e9cret puisse r\u00e9pondre \u00e0 des urgences locales auxquelles il faut pouvoir apporter rapidement des solutions. N\u00e9anmoins le <a href=\"https:\/\/www.legifrance.gouv.fr\/affichTexte.do?cidTexte=JORFTEXT000041789766\" target=\"_blank\" rel=\"noopener noreferrer\" class=\"broken_link\">d\u00e9cret adopt\u00e9 le 8 avril 2020<\/a> permet aux pr\u00e9fets de d\u00e9roger aux dispositions r\u00e9glementaires ayant trait \u00e0 l\u2019environnement, l\u2019agriculture, les for\u00eats, l\u2019urbanisme, l\u2019am\u00e9nagement du territoire en cas de \u00ab\u00a0circonstances locales particuli\u00e8res\u00a0\u00bb ou pour un \u00ab\u00a0motif d\u2019int\u00e9r\u00eat g\u00e9n\u00e9ral\u00a0\u00bb.<\/p>\n<p>Ce d\u00e9cret parait pr\u00e9occupant par son impr\u00e9cision et le blanc-seing qu\u2019il conf\u00e8re aux pr\u00e9fets pour les questions environnementales. Ainsi, il donne au pr\u00e9fet de d\u00e9partement (ou au pr\u00e9fet de R\u00e9gion) le droit de d\u00e9roger \u00e0 des normes arr\u00eat\u00e9es par l&#8217;administration de l&#8217;Etat, pour prendre des d\u00e9cisions non r\u00e9glementaires relevant de sa comp\u00e9tence.<\/p>\n<p>Les conditions qui sont appos\u00e9es \u00e0 l\u2019usage de ce droit sont tr\u00e8s vagues, puisque la d\u00e9rogation doit : \u00ab\u00a0<em>\u00eatre justifi\u00e9e par un motif d&#8217;int\u00e9r\u00eat g\u00e9n\u00e9ral et l&#8217;existence de circonstances locales\u00a0\u00bb et \u00ab\u00a0avoir pour effet d&#8217;all\u00e9ger les d\u00e9marches administratives, de r\u00e9duire les d\u00e9lais de proc\u00e9dure ou de favoriser l&#8217;acc\u00e8s aux aides publiques<\/em>\u00a0\u00bb.<\/p>\n<p>Ces d\u00e9rogations peuvent concerner l\u2019am\u00e9nagement du territoire, l\u2019urbanisme ou les ICPE (Installations Class\u00e9es pour l\u2019Environnement), donc une grande vigilance s\u2019impose\u00a0; le Pr\u00e9fet pourrait ainsi exon\u00e9rer totalement un maitre d\u2019ouvrage de d\u00e9poser une demande de d\u00e9claration ou d\u2019autorisation pour une installation ou une construction.<\/p>\n<p>L\u2019usage de ce pouvoir consisterait, concr\u00e8tement, en un arr\u00eat\u00e9 dans lequel le pr\u00e9fet indiquerait qu\u2019il utilise ce droit d\u00e9rogatoire dans un but pr\u00e9cis.<\/p>\n<p><strong>L\u2019association FNE Yvelines sera vigilante \u00e0 l\u2019utilisation de ce d\u00e9cret par le Pr\u00e9fet des Yvelines en veillant \u00e0 ce qu\u2019il ne permette pas de porter atteinte \u00e0 notre environnement.<\/strong><\/p>\n<p>\u00a0<\/p>\n<p><a href=\"https:\/\/www.legifrance.gouv.fr\/affichTexte.do?cidTexte=JORFTEXT000041789766\" target=\"_blank\" rel=\"noopener noreferrer\" class=\"broken_link\">D\u00e9cret du 8 avril 2020<\/a><\/p>\n<p>Voir <a href=\"https:\/\/www.fne.asso.fr\/communiques\/crise-sanitaire-la-liste-des-atteintes-%C3%A0-la-protection-de-lenvironnement-sallonge\" target=\"_blank\" rel=\"noopener noreferrer\">article de FNE<\/a> sur le sujet<\/p>\n<p>Retrouvez facilement dans la page <a href=\"https:\/\/fne-yvelines.org\/index.php\/liens-utiles\/\" target=\"_blank\" rel=\"noopener noreferrer\">Liens utiles<\/a> les arr\u00eat\u00e9s pr\u00e9fectoraux gr\u00e2ce aux fichiers contenant les tables des mati\u00e8res de tous les recueils publi\u00e9s par ann\u00e9e.<\/p>\n<p>Exemple :\u00a0<a href=\"https:\/\/fne-yvelines.org\/wp-content\/uploads\/2020\/03\/sommaires-actes-administratifs-2019.pdf\" target=\"_blank\" rel=\"noopener noreferrer\">Recueil des arr\u00eat\u00e9s de l&#8217;ann\u00e9e 2019<\/a><\/p>\n<p>\u00a0<\/p>\n<p>\u00a0<\/p>\n<p>\u00a0<\/p>\n<p>\u00a0<\/p>\n<p>\u00a0<\/p>\n<p>\u00a0<\/p>\n","protected":false},"excerpt":{"rendered":"","protected":false},"author":1,"featured_media":637,"comment_status":"open","ping_status":"open","sticky":false,"template":"","format":"standard","meta":{"footnotes":""},"categories":[42],"tags":[],"_links":{"self":[{"href":"https:\/\/fne-yvelines.org\/index.php\/wp-json\/wp\/v2\/posts\/632"}],"collection":[{"href":"https:\/\/fne-yvelines.org\/index.php\/wp-json\/wp\/v2\/posts"}],"about":[{"href":"https:\/\/fne-yvelines.org\/index.php\/wp-json\/wp\/v2\/types\/post"}],"author":[{"embeddable":true,"href":"https:\/\/fne-yvelines.org\/index.php\/wp-json\/wp\/v2\/users\/1"}],"replies":[{"embeddable":true,"href":"https:\/\/fne-yvelines.org\/index.php\/wp-json\/wp\/v2\/comments?post=632"}],"version-history":[{"count":4,"href":"https:\/\/fne-yvelines.org\/index.php\/wp-json\/wp\/v2\/posts\/632\/revisions"}],"predecessor-version":[{"id":639,"href":"https:\/\/fne-yvelines.org\/index.php\/wp-json\/wp\/v2\/posts\/632\/revisions\/639"}],"wp:featuredmedia":[{"embeddable":true,"href":"https:\/\/fne-yvelines.org\/index.php\/wp-json\/wp\/v2\/media\/637"}],"wp:attachment":[{"href":"https:\/\/fne-yvelines.org\/index.php\/wp-json\/wp\/v2\/media?parent=632"}],"wp:term":[{"taxonomy":"category","embeddable":true,"href":"https:\/\/fne-yvelines.org\/index.php\/wp-json\/wp\/v2\/categories?post=632"},{"taxonomy":"post_tag","embeddable":true,"href":"https:\/\/fne-yvelines.org\/index.php\/wp-json\/wp\/v2\/tags?post=632"}],"curies":[{"name":"wp","href":"https:\/\/api.w.org\/{rel}","templated":true}]}}